{"id":177,"date":"2021-05-27T10:50:00","date_gmt":"2021-05-27T08:50:00","guid":{"rendered":"http:\/\/wpresidence.net\/?p=177"},"modified":"2021-12-16T21:24:43","modified_gmt":"2021-12-16T20:24:43","slug":"la-etiqueta-energetica-crea-un-cisma-entre-las-profesiones","status":"publish","type":"post","link":"https:\/\/serveisnela.com\/ca\/177\/","title":{"rendered":"La etiqueta energ\u00e9tica crea un cisma entre las profesiones"},"content":{"rendered":"<p>El Mundo, Juanjo Bueno, 26 de febrero \u2013 Como agua de mayo. As\u00ed<strong>&nbsp;esperan los profesionales del sector energ\u00e9tico e inmobiliario la aprobaci\u00f3n definitiva del Real Decreto que obligar\u00e1 a que todas las viviendas o locales que se alquilen o vendan en Espa\u00f1a tengan un certificado energ\u00e9tico.<\/strong>&nbsp;<\/p>\n\n\n\n<div style=\"height:50px\" aria-hidden=\"true\" class=\"wp-block-spacer\"><\/div>\n\n\n\n<figure class=\"wp-block-image size-large\"><a href=\"https:\/\/serveisnela.com\/wp-content\/uploads\/2021\/06\/back4.jpg\"><img decoding=\"async\" src=\"https:\/\/esp.wpresidence.net\/wp-content\/uploads\/2021\/06\/back4-1024x683.jpg\" alt=\"\" class=\"wp-image-18890\"\/><\/a><\/figure>\n\n\n\n<div style=\"height:50px\" aria-hidden=\"true\" class=\"wp-block-spacer\"><\/div>\n\n\n\n<p>No en vano,&nbsp;<strong>se prev\u00e9 la creaci\u00f3n de miles empleos&nbsp;<span id=\"more-1007\"><\/span>en los pr\u00f3ximos a\u00f1os para adaptar esta normativa europea a los cerca de dos millones de inmuebles que se ver\u00e1n afectados.<\/strong>&nbsp;Pero tras a\u00f1os de retraso, y cuando parec\u00eda que el Gobierno iba a dar luz verde al Proyecto de RD en enero, la falta de previsi\u00f3n oblig\u00f3 al ministerio de Industria a presentar el pasado 31 de enero un tercer borrador al Consejo de Estado.<\/p>\n\n\n\n<p>En este documento, que espera el dictamen de este \u00f3rgano consultivo para ser presentado y aprobado en el Consejo de Ministros, hay dos novedades significativas:<strong>&nbsp;la fecha a partir de la cual ser\u00e1 exigible la \u2018etiqueta energ\u00e9tica\u2019, que ha sido actualizada a 1 de junio de 2013<\/strong>; y la definici\u00f3n de&nbsp;<strong>las titulaciones habilitantes para emitir y firmar estos certificados, quedando reducida a los arquitectos e ingenieros, tanto superiores como t\u00e9cnicos.<\/strong><\/p>","protected":false},"excerpt":{"rendered":"<p>El Mundo, Juanjo Bueno, 26 de febrero \u2013 Como agua de mayo. As\u00ed&nbsp;esperan los profesionales del sector energ\u00e9tico e inmobiliario la aprobaci\u00f3n definitiva del Real Decreto que obligar\u00e1 a que todas las viviendas o locales que se alquilen o vendan en Espa\u00f1a tengan un certificado energ\u00e9tico.&nbsp; No en vano,&nbsp;se prev\u00e9 la creaci\u00f3n de miles empleos&nbsp;en los pr\u00f3ximos a\u00f1os para adaptar esta normativa europea a &#8230;<\/p>","protected":false},"author":1,"featured_media":21018,"comment_status":"open","ping_status":"open","sticky":false,"template":"","format":"standard","meta":{"_jetpack_memberships_contains_paid_content":false,"footnotes":""},"categories":[25,26,27,28],"tags":[29,31],"class_list":["post-177","post","type-post","status-publish","format-standard","has-post-thumbnail","hentry","category-bienes-raices","category-compra-de-propiedades","category-localizacion","category-precio","tag-immobiliaria","tag-precio"],"jetpack_sharing_enabled":true,"jetpack_featured_media_url":"https:\/\/serveisnela.com\/wp-content\/uploads\/2021\/12\/1567418338-eficiencia-energetica-1.jpg","_links":{"self":[{"href":"https:\/\/serveisnela.com\/ca\/wp-json\/wp\/v2\/posts\/177"}],"collection":[{"href":"https:\/\/serveisnela.com\/ca\/wp-json\/wp\/v2\/posts"}],"about":[{"href":"https:\/\/serveisnela.com\/ca\/wp-json\/wp\/v2\/types\/post"}],"author":[{"embeddable":true,"href":"https:\/\/serveisnela.com\/ca\/wp-json\/wp\/v2\/users\/1"}],"replies":[{"embeddable":true,"href":"https:\/\/serveisnela.com\/ca\/wp-json\/wp\/v2\/comments?post=177"}],"version-history":[{"count":0,"href":"https:\/\/serveisnela.com\/ca\/wp-json\/wp\/v2\/posts\/177\/revisions"}],"wp:featuredmedia":[{"embeddable":true,"href":"https:\/\/serveisnela.com\/ca\/wp-json\/wp\/v2\/media\/21018"}],"wp:attachment":[{"href":"https:\/\/serveisnela.com\/ca\/wp-json\/wp\/v2\/media?parent=177"}],"wp:term":[{"taxonomy":"category","embeddable":true,"href":"https:\/\/serveisnela.com\/ca\/wp-json\/wp\/v2\/categories?post=177"},{"taxonomy":"post_tag","embeddable":true,"href":"https:\/\/serveisnela.com\/ca\/wp-json\/wp\/v2\/tags?post=177"}],"curies":[{"name":"wp","href":"https:\/\/api.w.org\/{rel}","templated":true}]}}